{"id":1823,"date":"2017-01-17T13:38:39","date_gmt":"2017-01-17T11:38:39","guid":{"rendered":"http:\/\/hausverwaltung-alkenbrecher.de\/?p=1823"},"modified":"2017-02-07T18:19:02","modified_gmt":"2017-02-07T16:19:02","slug":"verwaltungsaufnahme-muehlhaeuser-strasse-16","status":"publish","type":"post","link":"https:\/\/www.hausverwaltung-alkenbrecher.de\/index.php\/verwaltungsaufnahme-muehlhaeuser-strasse-16\/","title":{"rendered":"Verwaltungsaufnahme Mietverwaltung &#8211; M\u00fchlh\u00e4user Stra\u00dfe"},"content":{"rendered":"<p>Wir freuen uns, dass sich die Eigent\u00fcmer dieses Mietshauses f\u00fcr die Verwaltung durch die Alkenbrecher Haus- und Immobilienverwaltung ab 01.01.2017 entschieden haben.<\/p>\n<figure id=\"attachment_1848\" aria-describedby=\"caption-attachment-1848\" style=\"width: 1024px\" class=\"wp-caption alignleft\"><img loading=\"lazy\" decoding=\"async\" class=\"size-large wp-image-1848\" src=\"https:\/\/www.hausverwaltung-alkenbrecher.de\/wp-content\/uploads\/2017\/01\/IMG_20170206_143112-1024x773.jpg\" alt=\"\" width=\"1024\" height=\"773\" srcset=\"https:\/\/www.hausverwaltung-alkenbrecher.de\/wp-content\/uploads\/2017\/01\/IMG_20170206_143112-1024x773.jpg 1024w, https:\/\/www.hausverwaltung-alkenbrecher.de\/wp-content\/uploads\/2017\/01\/IMG_20170206_143112-300x226.jpg 300w, https:\/\/www.hausverwaltung-alkenbrecher.de\/wp-content\/uploads\/2017\/01\/IMG_20170206_143112-768x580.jpg 768w, https:\/\/www.hausverwaltung-alkenbrecher.de\/wp-content\/uploads\/2017\/01\/IMG_20170206_143112-600x453.jpg 600w, https:\/\/www.hausverwaltung-alkenbrecher.de\/wp-content\/uploads\/2017\/01\/IMG_20170206_143112-830x626.jpg 830w, https:\/\/www.hausverwaltung-alkenbrecher.de\/wp-content\/uploads\/2017\/01\/IMG_20170206_143112-230x174.jpg 230w, https:\/\/www.hausverwaltung-alkenbrecher.de\/wp-content\/uploads\/2017\/01\/IMG_20170206_143112-350x264.jpg 350w, https:\/\/www.hausverwaltung-alkenbrecher.de\/wp-content\/uploads\/2017\/01\/IMG_20170206_143112-480x362.jpg 480w\" sizes=\"auto, (max-width: 1024px) 100vw, 1024px\" \/><figcaption id=\"caption-attachment-1848\" class=\"wp-caption-text\">Muehlhaeuser Str<\/figcaption><\/figure>\n","protected":false},"excerpt":{"rendered":"<p>Wir freuen uns, dass sich die Eigent\u00fcmer dieses Mietshauses f\u00fcr die Verwaltung durch die Alkenbrecher Haus- und Immobilienverwaltung ab 01.01.2017 entschieden haben.<\/p>\n","protected":false},"author":1,"featured_media":0,"comment_status":"closed","ping_status":"closed","sticky":false,"template":"","format":"standard","meta":{"footnotes":""},"categories":[1],"tags":[],"class_list":["post-1823","post","type-post","status-publish","format-standard","hentry","category-allgemein"],"_links":{"self":[{"href":"https:\/\/www.hausverwaltung-alkenbrecher.de\/index.php\/wp-json\/wp\/v2\/posts\/1823","targetHints":{"allow":["GET"]}}],"collection":[{"href":"https:\/\/www.hausverwaltung-alkenbrecher.de\/index.php\/wp-json\/wp\/v2\/posts"}],"about":[{"href":"https:\/\/www.hausverwaltung-alkenbrecher.de\/index.php\/wp-json\/wp\/v2\/types\/post"}],"author":[{"embeddable":true,"href":"https:\/\/www.hausverwaltung-alkenbrecher.de\/index.php\/wp-json\/wp\/v2\/users\/1"}],"replies":[{"embeddable":true,"href":"https:\/\/www.hausverwaltung-alkenbrecher.de\/index.php\/wp-json\/wp\/v2\/comments?post=1823"}],"version-history":[{"count":3,"href":"https:\/\/www.hausverwaltung-alkenbrecher.de\/index.php\/wp-json\/wp\/v2\/posts\/1823\/revisions"}],"predecessor-version":[{"id":1849,"href":"https:\/\/www.hausverwaltung-alkenbrecher.de\/index.php\/wp-json\/wp\/v2\/posts\/1823\/revisions\/1849"}],"wp:attachment":[{"href":"https:\/\/www.hausverwaltung-alkenbrecher.de\/index.php\/wp-json\/wp\/v2\/media?parent=1823"}],"wp:term":[{"taxonomy":"category","embeddable":true,"href":"https:\/\/www.hausverwaltung-alkenbrecher.de\/index.php\/wp-json\/wp\/v2\/categories?post=1823"},{"taxonomy":"post_tag","embeddable":true,"href":"https:\/\/www.hausverwaltung-alkenbrecher.de\/index.php\/wp-json\/wp\/v2\/tags?post=1823"}],"curies":[{"name":"wp","href":"https:\/\/api.w.org\/{rel}","templated":true}]}}